{"id":10068,"date":"2017-06-07T15:10:36","date_gmt":"2017-06-07T13:10:36","guid":{"rendered":"https:\/\/www.gpec.ro\/blog\/?p=10068"},"modified":"2017-06-07T15:13:46","modified_gmt":"2017-06-07T13:13:46","slug":"14th-e-commerce-conference-hungary-7-8-iunie-2017-ekk2017","status":"publish","type":"post","link":"https:\/\/www.gpec.ro\/blog\/14th-e-commerce-conference-hungary-7-8-iunie-2017-ekk2017","title":{"rendered":"14th E-Commerce Conference Hungary 7-8 Iunie 2017 #ekk2017"},"content":{"rendered":"<div class=\"fcbkbttn_buttons_block\" id=\"fcbkbttn_left\"><div class=\"fcbkbttn_like \"><div class=\"fb-like fb-like-button_count\" data-href=\"https:\/\/www.gpec.ro\/blog\/14th-e-commerce-conference-hungary-7-8-iunie-2017-ekk2017\" data-colorscheme=\"light\" data-layout=\"button_count\" data-action=\"like\"  data-size=\"small\"><\/div><\/div><\/div><p><a href=\"https:\/\/www.gpec.ro\/blog\/wp-content\/uploads\/2017\/06\/global-retail-sales-growth.jpeg\"><img loading=\"lazy\" decoding=\"async\" class=\"alignright size-medium wp-image-10070\" src=\"https:\/\/www.gpec.ro\/blog\/wp-content\/uploads\/2017\/06\/global-retail-sales-growth-300x213.jpeg\" alt=\"global retail sales growth\" width=\"300\" height=\"213\" srcset=\"https:\/\/www.gpec.ro\/blog\/wp-content\/uploads\/2017\/06\/global-retail-sales-growth-300x213.jpeg 300w, https:\/\/www.gpec.ro\/blog\/wp-content\/uploads\/2017\/06\/global-retail-sales-growth-768x546.jpeg 768w, https:\/\/www.gpec.ro\/blog\/wp-content\/uploads\/2017\/06\/global-retail-sales-growth-1024x728.jpeg 1024w, https:\/\/www.gpec.ro\/blog\/wp-content\/uploads\/2017\/06\/global-retail-sales-growth.jpeg 2048w\" sizes=\"auto, (max-width: 300px) 100vw, 300px\" \/><\/a>Echipa GPeC a fost prezent\u0103 la a 14-a conferin\u021b\u0103 de e-commerce organizat\u0103 de asocia\u021bia de e-commerce <a href=\"http:\/\/www.ecommerce.hu\/\"><strong>E-Commerce Hungary<\/strong><\/a> \u0219i a \u0219i \u00eemp\u0103rt\u0103\u0219it informa\u021bii despre pia\u021ba de e-commerce din Rom\u00e2nia cu audien\u021ba, Andrei Radu (CEO &amp; Founder GPeC) fiind unul dintre speakerii conferin\u021bei. Pentru aceia dintre voi care \u0219i-ar fi dorit s\u0103 participe la conferin\u021ba E-Commerce Conference Hungary #ekk2017 care nu au reu\u0219it s\u0103 ajung\u0103, am adunat aici c\u00e2teva dintre cele mai importante concluzii ale conferin\u021bei:<\/p>\n<ul>\n<li>Rom\u00e2nia a avut anul trecut una dintre cele mai mari cre\u0219teri YoY (de la un al la altul &#8211; 2016 comparativ cu 2015) din regiune &#8211; 38%;<\/li>\n<li>De\u0219i mul\u021bi au anun\u021bat c\u0103 retail-ul tradi\u021bional a murit, previziunile globale arat\u0103 o cre\u0219tere constant\u0103 a retail-ului global de la un la altul, prognoz\u00e2ndu-se o cre\u0219tere de 3,8% \u00een 2018 comparativ cu 2017<\/li>\n<li>350 de miliarde de EUR se a\u0219teapt\u0103 s\u0103 fie cifra total\u0103 a v\u00e2nz\u0103rilor e-commerce \u00een Europa<\/li>\n<li>Cre\u0219terea YoY a e-commerce-ului \u00een Europa va \u00eencetini, dar va fi \u00een continuare o cre\u0219tere semnificativ\u0103 de 13,62% \u00een 2017 comparativ cu 2016<\/li>\n<\/ul>\n<p><a href=\"https:\/\/www.gpec.ro\/blog\/wp-content\/uploads\/2017\/06\/ecommerce-conference-hungary-ekk-2017.jpeg\"><img loading=\"lazy\" decoding=\"async\" class=\"aligncenter size-large wp-image-10069\" src=\"https:\/\/www.gpec.ro\/blog\/wp-content\/uploads\/2017\/06\/ecommerce-conference-hungary-ekk-2017-1024x268.jpeg\" alt=\"ecommerce conference hungary ekk\" width=\"1024\" height=\"268\" srcset=\"https:\/\/www.gpec.ro\/blog\/wp-content\/uploads\/2017\/06\/ecommerce-conference-hungary-ekk-2017-1024x268.jpeg 1024w, https:\/\/www.gpec.ro\/blog\/wp-content\/uploads\/2017\/06\/ecommerce-conference-hungary-ekk-2017-300x78.jpeg 300w, https:\/\/www.gpec.ro\/blog\/wp-content\/uploads\/2017\/06\/ecommerce-conference-hungary-ekk-2017-768x201.jpeg 768w, https:\/\/www.gpec.ro\/blog\/wp-content\/uploads\/2017\/06\/ecommerce-conference-hungary-ekk-2017.jpeg 1078w\" sizes=\"auto, (max-width: 1024px) 100vw, 1024px\" \/><\/a><\/p>\n","protected":false},"excerpt":{"rendered":"<div class=\"fcbkbttn_buttons_block\" id=\"fcbkbttn_left\"><div class=\"fcbkbttn_like \"><div class=\"fb-like fb-like-button_count\" data-href=\"https:\/\/www.gpec.ro\/blog\/14th-e-commerce-conference-hungary-7-8-iunie-2017-ekk2017\" data-colorscheme=\"light\" data-layout=\"button_count\" data-action=\"like\"  data-size=\"small\"><\/div><\/div><\/div><p>Echipa GPeC a fost prezent\u0103 la a 14-a conferin\u021b\u0103 de e-commerce organizat\u0103 de asocia\u021bia de e-commerce E-Commerce Hungary \u0219i a \u0219i \u00eemp\u0103rt\u0103\u0219it informa\u021bii despre pia\u021ba de e-commerce din Rom\u00e2nia cu audien\u021ba, Andrei Radu (CEO &amp; Founder GPeC) fiind unul dintre speakerii conferin\u021bei. Pentru aceia dintre voi care \u0219i-ar fi dorit s\u0103 participe la conferin\u021ba E-Commerce Conference Hungary #ekk2017 care nu au reu\u0219it s\u0103 ajung\u0103, am adunat aici c\u00e2teva dintre cele mai importante concluzii ale conferin\u021bei: Rom\u00e2nia a avut anul trecut una dintre cele mai mari cre\u0219teri YoY (de la un al la altul &#8211; 2016 comparativ cu 2015) din regiune &#8211; 38%; De\u0219i mul\u021bi au anun\u021bat c\u0103 retail-ul tradi\u021bional a murit, previziunile globale arat\u0103 o cre\u0219tere constant\u0103 a retail-ului global de la un la altul, prognoz\u00e2ndu-se o cre\u0219tere de 3,8% \u00een 2018 comparativ cu 2017 350 de miliarde de EUR se a\u0219teapt\u0103 s\u0103 fie cifra total\u0103 a v\u00e2nz\u0103rilor e-commerce \u00een<\/p>\n","protected":false},"author":1,"featured_media":0,"comment_status":"open","ping_status":"open","sticky":false,"template":"","format":"standard","meta":{"footnotes":""},"categories":[55],"tags":[],"class_list":["post-10068","post","type-post","status-publish","format-standard","hentry","category-evenimente-recomandate"],"aioseo_notices":[],"_links":{"self":[{"href":"https:\/\/www.gpec.ro\/blog\/wp-json\/wp\/v2\/posts\/10068","targetHints":{"allow":["GET"]}}],"collection":[{"href":"https:\/\/www.gpec.ro\/blog\/wp-json\/wp\/v2\/posts"}],"about":[{"href":"https:\/\/www.gpec.ro\/blog\/wp-json\/wp\/v2\/types\/post"}],"author":[{"embeddable":true,"href":"https:\/\/www.gpec.ro\/blog\/wp-json\/wp\/v2\/users\/1"}],"replies":[{"embeddable":true,"href":"https:\/\/www.gpec.ro\/blog\/wp-json\/wp\/v2\/comments?post=10068"}],"version-history":[{"count":3,"href":"https:\/\/www.gpec.ro\/blog\/wp-json\/wp\/v2\/posts\/10068\/revisions"}],"predecessor-version":[{"id":10073,"href":"https:\/\/www.gpec.ro\/blog\/wp-json\/wp\/v2\/posts\/10068\/revisions\/10073"}],"wp:attachment":[{"href":"https:\/\/www.gpec.ro\/blog\/wp-json\/wp\/v2\/media?parent=10068"}],"wp:term":[{"taxonomy":"category","embeddable":true,"href":"https:\/\/www.gpec.ro\/blog\/wp-json\/wp\/v2\/categories?post=10068"},{"taxonomy":"post_tag","embeddable":true,"href":"https:\/\/www.gpec.ro\/blog\/wp-json\/wp\/v2\/tags?post=10068"}],"curies":[{"name":"wp","href":"https:\/\/api.w.org\/{rel}","templated":true}]}}