{"id":10853,"date":"2017-09-01T09:25:46","date_gmt":"2017-09-01T06:25:46","guid":{"rendered":"https:\/\/www.gpec.ro\/blog\/?p=10853"},"modified":"2018-05-07T10:27:01","modified_gmt":"2018-05-07T07:27:01","slug":"stirile-saptamanii-apple-hollywood-disney-microsoft-taxify-sainsburys","status":"publish","type":"post","link":"https:\/\/www.gpec.ro\/blog\/stirile-saptamanii-apple-hollywood-disney-microsoft-taxify-sainsburys","title":{"rendered":"\u0218coala de Var\u0103 2017 la final, \u00eenchirieri video de la Hollywood, Taxify locuie\u0219te \u00een Rom\u00e2nia"},"content":{"rendered":"<div class=\"fcbkbttn_buttons_block\" id=\"fcbkbttn_left\"><div class=\"fcbkbttn_like \"><div class=\"fb-like fb-like-button_count\" data-href=\"https:\/\/www.gpec.ro\/blog\/stirile-saptamanii-apple-hollywood-disney-microsoft-taxify-sainsburys\" data-colorscheme=\"light\" data-layout=\"button_count\" data-action=\"like\"  data-size=\"small\"><\/div><\/div><\/div><h3>\u0218coala de Var\u0103 2017 s-a terminat, tr\u0103iasc\u0103 \u0218coala de Var\u0103 2018!<\/h3>\n<p>\u0218coala de Var\u0103 de E-Commerce GPeC 2017 a \u00eensemnat un mix de \u00eenv\u0103\u021bare, exerci\u021bii \u0219i distrac\u021bie, la munte, cu oameni faini din e-commerce-ul rom\u00e2nesc. Iat\u0103 <strong>sinteza video rapid\u0103<\/strong> a ceea ce s-a \u00eent\u00e2mplat timp de 5 zile la\u00a0Pensiunea Arnica:<\/p>\n<p><iframe loading=\"lazy\" width=\"910\" height=\"512\" src=\"https:\/\/www.youtube.com\/embed\/aURRUKBQ4so?feature=oembed\" frameborder=\"0\" allow=\"autoplay; encrypted-media\" allowfullscreen><\/iframe><\/p>\n<p>Roxana Magope\u021b (FAN Courier) face o sintez\u0103 a lucrurilor despre care a vorbit la\u00a0<a class=\"_58cn\" href=\"https:\/\/www.facebook.com\/hashtag\/scoaladevaragpec?source=feed_text&amp;story_id=2052466478112632\" data-ft=\"{&quot;tn&quot;:&quot;*N&quot;,&quot;type&quot;:104}\"><span class=\"_5afx\"><span class=\"_58cl _5afz\" aria-label=\"hashtag\">#<\/span><span class=\"_58cm\">ScoaladeVaraGPeC<\/span><\/span><\/a>2017 \u0219i eviden\u021biaz\u0103 cel mai important motiv pentru care ar trebui s\u0103 participi la edi\u021bia 2018:<\/p>\n<p><iframe loading=\"lazy\" width=\"910\" height=\"512\" src=\"https:\/\/www.youtube.com\/embed\/TMhV6sh_Mwg?feature=oembed\" frameborder=\"0\" allow=\"autoplay; encrypted-media\" allowfullscreen><\/iframe><\/p>\n<p>C\u00e2teva sute de fotografii de la tab\u0103r\u0103 sunt pe <a href=\"https:\/\/www.facebook.com\/pg\/GPeCro\/\" target=\"_blank\" rel=\"noopener\">pagina noastr\u0103 de Facebook<\/a>:<\/p>\n<div id=\"fb-root\"><\/div>\n<p><script>(function(d, s, id) {  var js, fjs = d.getElementsByTagName(s)[0];  if (d.getElementById(id)) return;  js = d.createElement(s); js.id = id;  js.src = 'https:\/\/connect.facebook.net\/ro_RO\/sdk.js#xfbml=1&version=v3.1';  fjs.parentNode.insertBefore(js, fjs);}(document, 'script', 'facebook-jssdk'));<\/script><\/p>\n<div class=\"fb-post\" data-href=\"https:\/\/www.facebook.com\/media\/set\/?set=a.2043370315688915.1073741892.383723974986899&amp;type=1&amp;l=f8a347a596\" data-width=\"750\">\n<blockquote cite=\"https:\/\/www.facebook.com\/media\/set\/?set=a.2043370315688915.1073741892.383723974986899&amp;type=3\" class=\"fb-xfbml-parse-ignore\">\n<p>5 zile la munte, cu oamenii faini din e-commerce-ul rom\u00e2nesc &gt;&gt; http:\/\/gpec.ro\/scoala-de-vara-de-e-commerce-gpec\/.Foto: Alin Dobrin (CristalStudio &#8211; https:\/\/fb.com\/CristalStudio\/)<\/p>\n<p>Publicat\u0103 de <a href=\"https:\/\/www.facebook.com\/GPeCro\/\">GPeC &#8211; The Most Important E-Commerce Event in CEE<\/a> pe&nbsp;<a href=\"https:\/\/www.facebook.com\/media\/set\/?set=a.2043370315688915.1073741892.383723974986899&amp;type=3\">Joi, 24 August 2017<\/a><\/p><\/blockquote>\n<\/div>\n<p>Citi\u021bi pe blog sintezele zilnice de la cursuri \u0219i viziona\u021bi clipurile video:<\/p>\n<ul>\n<li><a title=\"\" href=\"https:\/\/www.gpec.ro\/blog\/cum-a-fost-ziua-1-la-scoala-de-vara-de-e-commerce-gpec-2017\">Cum a fost ZIUA 1 la \u0218coala de Var\u0103 de E-Commerce GPeC 2017<\/a><\/li>\n<li><a title=\"\" href=\"https:\/\/www.gpec.ro\/blog\/cum-a-fost-ziua-2-la-scoala-de-vara-de-e-commerce-gpec-2017\">Cum a fost ZIUA 2 la \u0218coala de Var\u0103 de E-Commerce GPeC 2017<\/a><\/li>\n<li><a title=\"\" href=\"https:\/\/www.gpec.ro\/blog\/cum-a-fost-ziua-3-la-scoala-de-vara-de-e-commerce-gpec-2017\">Cum a fost ZIUA 3 la \u0218coala de Var\u0103 de E-Commerce GPeC 2017<\/a><\/li>\n<li><a title=\"\" href=\"https:\/\/www.gpec.ro\/blog\/cum-a-fost-ziua-4-la-scoala-de-vara-de-e-commerce-gpec-2017\">Cum a fost ZIUA 4 la \u0218coala de Var\u0103 de E-Commerce GPeC 2017<\/a><\/li>\n<\/ul>\n<p>Mul\u021bumim pentru participare! Ne vedem la anul la\u00a0<a class=\"_58cn\" href=\"https:\/\/www.facebook.com\/hashtag\/scoaladevaragpec?source=feed_text&amp;story_id=2051068128252467\" data-ft=\"{&quot;tn&quot;:&quot;*N&quot;,&quot;type&quot;:104}\"><span class=\"_5afx\"><span class=\"_58cl _5afz\" aria-label=\"hashtag\">#<\/span><span class=\"_58cm\">ScoalaDeVaraGPeC<\/span><\/span><\/a>?<!--more--><\/p>\n<hr \/>\n<h3><\/h3>\n<h3>Apple \u0219i Hollywood vor s\u0103 revigoreze pia\u021ba \u00eenchirierilor online de filme<\/h3>\n<p><a href=\"https:\/\/www.gpec.ro\/blog\/wp-content\/uploads\/2017\/09\/Hollywood-Sign-min.jpg\"><img loading=\"lazy\" decoding=\"async\" class=\"alignright size-thumbnail wp-image-10863\" src=\"https:\/\/www.gpec.ro\/blog\/wp-content\/uploads\/2017\/09\/Hollywood-Sign-min-150x150.jpg\" alt=\"\" width=\"150\" height=\"150\" \/><\/a>Hollywood-ul vrea ca Apple s\u0103 ofere serviciul de \u00eenchiriere a filmelor online cam la o s\u0103pt\u0103m\u00e2n\u0103 dup\u0103 ce au fost lansate \u00een cinematografe. Planul const\u0103 \u00een oferirea de <strong>tarife \u00eentre 30 \u0219i 50 de dolari pe film<\/strong>, pentru ca spectatorii s\u0103 aib\u0103 acces la cele mai noi filme din cinematografe.<\/p>\n<p>Au mai existat asemenea discu\u021bii, dar acum planul presupune \u0219i \u00eemp\u0103r\u021birea veniturilor cu cinematografele, \u00eens\u0103 acestea doresc contracte pe 10 ani. Alte studiouri celebre precum Disney nu doresc s\u0103 bat\u0103 palma \u00een acest parteneriat, deoarece vor s\u0103 se focalizeze pe produc\u021bii care sunt cel mai indicate pentru marele ecran.<\/p>\n<p>\u2192 <a href=\"https:\/\/techcrunch.com\/2017\/08\/18\/apple-and-hollywood-said-to-continue-talks-around-early-digital-movie-rentals\/\" target=\"_blank\" rel=\"noopener\">Citi\u021bi detalii la Techcrunch<\/a><\/p>\n<hr \/>\n<h3><\/h3>\n<h3>Microsoft are mari probleme cu retururile<\/h3>\n<p><a href=\"https:\/\/www.gpec.ro\/blog\/wp-content\/uploads\/2017\/09\/Microsoft-Surface-pro-min.png\"><img loading=\"lazy\" decoding=\"async\" class=\"alignright size-thumbnail wp-image-10862\" src=\"https:\/\/www.gpec.ro\/blog\/wp-content\/uploads\/2017\/09\/Microsoft-Surface-pro-min-150x150.png\" alt=\"\" width=\"150\" height=\"150\" \/><\/a>Microsoft a negat\u00a0un document lansat de Consumer Reports, \u00een care se sugera\u00a0c\u0103 produsul Microsoft Surface nu este durabil, dar o informare intern\u0103 recent\u0103 a dezv\u0103luit problemele cu care se confrunt\u0103 compania. Consumer Reports a analizat\u00a0<strong>90.000 de proprietari de tablete \u0219i laptop-uri<\/strong> \u0219i a descoperit c\u0103 25% dintre utilizatorii de Surface au avut probleme\u00a0\u00een al doilea an de c\u00e2nd au folosit\u00a0produsul. Ratele de returnare\u00a0ridicate la\u00a0Surface Pro 4 \u0219i Surface Book au avut\u00a0impact asupra analizei realizate de Consumer Reports.<\/p>\n<p>\u00centr-un grafic\u00a0dezv\u0103luit presei din interiorul companiei Microsoft, se vede cum Surface Book a avut\u00a017% retururi \u00een perioada de lansare \u0219i a r\u0103mas la 10% \u00een urm\u0103toarele 6 luni. Surface Pro 4 a ajuns la 16% \u00een timpul lans\u0103rii \u0219i la sub 10%\u00a0\u00een urm\u0103toarele 6 luni.<\/p>\n<p>\u2192 <a href=\"https:\/\/www.theverge.com\/2017\/8\/14\/16142490\/microsoft-surface-consumer-reports-memo-return-rates\" target=\"_blank\" rel=\"noopener\">Citi\u021bi detalii la The Verge<\/a><\/p>\n<hr \/>\n<h3><\/h3>\n<h3>Taxify \u0219i-a \u00eenfiin\u021bat oficial o filial\u0103 \u00een Rom\u00e2nia<\/h3>\n<p><a href=\"https:\/\/www.gpec.ro\/blog\/wp-content\/uploads\/2017\/09\/Taxify-min.jpg\"><img loading=\"lazy\" decoding=\"async\" class=\"alignright size-thumbnail wp-image-10864\" src=\"https:\/\/www.gpec.ro\/blog\/wp-content\/uploads\/2017\/09\/Taxify-min-150x150.jpg\" alt=\"\" width=\"150\" height=\"150\" \/><\/a>Compania estonian\u0103 Taxify O\u00dc, dezvoltatoarea \u0219i operatoarea aplica\u021biei de ride-sharing omonime, activ\u0103 de anul trecut pe plan local, deocamdat\u0103 doar \u00een Bucure\u0219ti, \u0219i-a \u00eenfiin\u021bat oficial o subsidiar\u0103 \u00een Rom\u00e2nia, av\u00e2nd ca obiect principal de activitate prelucrarea datelor, administrarea paginilor web \u0219i activit\u0103\u021bi conexe. Firma se nume\u0219te Taxify.ro SRL \u0219i are ca asociat unic compania-mam\u0103 Taxify O\u00dc. <strong>Administrator este CEO-ul Markus Villig (23 de ani)<\/strong>, unul dintre cei doi fra\u021bi care au fondat Taxify \u00een Estonia \u00een 2013.<\/p>\n<p>Taxify.ro SRL \u00ee\u0219i are sediul social \u00een Bucure\u0219ti, \u00een ansamblul reziden\u021bial Onix Residence de pe Splaiul Independen\u021bei. Capitalul social ini\u021bial este de 300 de lei.<\/p>\n<p>\u2192\u00a0<a href=\"https:\/\/www.profit.ro\/povesti-cu-profit\/auto-transporturi\/taxify-concurentul-uber-si-a-infiintat-oficial-subsidiara-in-romania-condusa-chiar-de-fondatorul-si-ceo-ul-markus-villig-17157085\" target=\"_blank\" rel=\"noopener\">Citi\u021bi detalii la Profit.ro<\/a><\/p>\n<hr \/>\n<h3><\/h3>\n<h3>Sainsbury&#8217;s testeaz\u0103 livrarea \u00een 30 de minute<\/h3>\n<p><a href=\"https:\/\/www.gpec.ro\/blog\/wp-content\/uploads\/2017\/09\/Sainsburys-min.jpg\"><img loading=\"lazy\" decoding=\"async\" class=\"alignright size-thumbnail wp-image-10865\" src=\"https:\/\/www.gpec.ro\/blog\/wp-content\/uploads\/2017\/09\/Sainsburys-min-150x150.jpg\" alt=\"\" width=\"150\" height=\"150\" \/><\/a>Sainsbury&#8217;s face prima \u00eencercare din Marea Britanie de livrare a comenzii la magazine la 30 de minute dup\u0103 plasarea ei online. Clien\u021bii pot comand prin aplica\u021bia Chop Chop de Android \u0219i pot ridica pachetul de la supermarketul Pimlico, <strong>la 30 de minute dup\u0103 aceea<\/strong>. Ei pot alege s\u0103 comande 7 zile pe s\u0103pt\u0103m\u00e2n\u0103, dintr-o gam\u0103 de 25 de produse. C\u00e2nd ajung la magazin, arat\u0103 num\u0103rul comenzii \u0219i preiau pachetul.<\/p>\n<p>Pentru moment, serviciul este\u00a0gratuit \u0219i vine \u00een completarea ofertei de livrare \u00eentr-o or\u0103 deja disponibil\u0103 prin aplica\u021bia Chop Chop.<\/p>\n<p>\u2192 <a href=\"http:\/\/internetretailing.net\/2017\/08\/sainsburys-trials-30-minute-click-collect\/\" target=\"_blank\" rel=\"noopener\">Citi\u021bi detalii la Internet Retailing<\/a><\/p>\n","protected":false},"excerpt":{"rendered":"<div class=\"fcbkbttn_buttons_block\" id=\"fcbkbttn_left\"><div class=\"fcbkbttn_like \"><div class=\"fb-like fb-like-button_count\" data-href=\"https:\/\/www.gpec.ro\/blog\/stirile-saptamanii-apple-hollywood-disney-microsoft-taxify-sainsburys\" data-colorscheme=\"light\" data-layout=\"button_count\" data-action=\"like\"  data-size=\"small\"><\/div><\/div><\/div><p>\u0218coala de Var\u0103 2017 s-a terminat, tr\u0103iasc\u0103 \u0218coala de Var\u0103 2018! \u0218coala de Var\u0103 de E-Commerce GPeC 2017 a \u00eensemnat un mix de \u00eenv\u0103\u021bare, exerci\u021bii \u0219i distrac\u021bie, la munte, cu oameni faini din e-commerce-ul rom\u00e2nesc. Iat\u0103 sinteza video rapid\u0103 a ceea ce s-a \u00eent\u00e2mplat timp de 5 zile la\u00a0Pensiunea Arnica: Roxana Magope\u021b (FAN Courier) face o sintez\u0103 a lucrurilor despre care a vorbit la\u00a0#ScoaladeVaraGPeC2017 \u0219i eviden\u021biaz\u0103 cel mai important motiv pentru care ar trebui s\u0103 participi la edi\u021bia 2018: C\u00e2teva sute de fotografii de la tab\u0103r\u0103 sunt pe pagina noastr\u0103 de Facebook: 5 zile la munte, cu oamenii faini din e-commerce-ul rom\u00e2nesc &gt;&gt; http:\/\/gpec.ro\/scoala-de-vara-de-e-commerce-gpec\/.Foto: Alin Dobrin (CristalStudio &#8211; https:\/\/fb.com\/CristalStudio\/) Publicat\u0103 de GPeC &#8211; The Most Important E-Commerce Event in CEE pe&nbsp;Joi, 24 August 2017 Citi\u021bi pe blog sintezele zilnice de la cursuri \u0219i viziona\u021bi clipurile video: Cum a fost ZIUA 1 la \u0218coala de Var\u0103 de E-Commerce GPeC 2017 Cum<\/p>\n","protected":false},"author":5,"featured_media":0,"comment_status":"open","ping_status":"open","sticky":false,"template":"","format":"standard","meta":{"footnotes":""},"categories":[207],"tags":[208],"class_list":["post-10853","post","type-post","status-publish","format-standard","hentry","category-stirile-saptamanii","tag-stirile-saptamanii"],"aioseo_notices":[],"_links":{"self":[{"href":"https:\/\/www.gpec.ro\/blog\/wp-json\/wp\/v2\/posts\/10853","targetHints":{"allow":["GET"]}}],"collection":[{"href":"https:\/\/www.gpec.ro\/blog\/wp-json\/wp\/v2\/posts"}],"about":[{"href":"https:\/\/www.gpec.ro\/blog\/wp-json\/wp\/v2\/types\/post"}],"author":[{"embeddable":true,"href":"https:\/\/www.gpec.ro\/blog\/wp-json\/wp\/v2\/users\/5"}],"replies":[{"embeddable":true,"href":"https:\/\/www.gpec.ro\/blog\/wp-json\/wp\/v2\/comments?post=10853"}],"version-history":[{"count":7,"href":"https:\/\/www.gpec.ro\/blog\/wp-json\/wp\/v2\/posts\/10853\/revisions"}],"predecessor-version":[{"id":12864,"href":"https:\/\/www.gpec.ro\/blog\/wp-json\/wp\/v2\/posts\/10853\/revisions\/12864"}],"wp:attachment":[{"href":"https:\/\/www.gpec.ro\/blog\/wp-json\/wp\/v2\/media?parent=10853"}],"wp:term":[{"taxonomy":"category","embeddable":true,"href":"https:\/\/www.gpec.ro\/blog\/wp-json\/wp\/v2\/categories?post=10853"},{"taxonomy":"post_tag","embeddable":true,"href":"https:\/\/www.gpec.ro\/blog\/wp-json\/wp\/v2\/tags?post=10853"}],"curies":[{"name":"wp","href":"https:\/\/api.w.org\/{rel}","templated":true}]}}