{"id":12350,"date":"2018-03-07T14:42:07","date_gmt":"2018-03-07T11:42:07","guid":{"rendered":"https:\/\/www.gpec.ro\/blog\/?p=12350"},"modified":"2018-03-23T09:54:38","modified_gmt":"2018-03-23T06:54:38","slug":"daca-e-gpec-summit-mai-e-karl-gilis-the-conversion-comedian-pentru-a-treia-oara-in-romania","status":"publish","type":"post","link":"https:\/\/www.gpec.ro\/blog\/daca-e-gpec-summit-mai-e-karl-gilis-the-conversion-comedian-pentru-a-treia-oara-in-romania","title":{"rendered":"Dac\u0103 e GPeC SUMMIT Mai, e Karl Gilis &#8211; The Conversion Comedian pentru a treia oar\u0103 \u00een Rom\u00e2nia!"},"content":{"rendered":"<div class=\"fcbkbttn_buttons_block\" id=\"fcbkbttn_left\"><div class=\"fcbkbttn_like \"><div class=\"fb-like fb-like-button_count\" data-href=\"https:\/\/www.gpec.ro\/blog\/daca-e-gpec-summit-mai-e-karl-gilis-the-conversion-comedian-pentru-a-treia-oara-in-romania\" data-colorscheme=\"light\" data-layout=\"button_count\" data-action=\"like\"  data-size=\"small\"><\/div><\/div><\/div><p>Ne preg\u0103tim de lansarea oficial\u0103 a celui de <a href=\"http:\/\/www.gpec.ro\/\" target=\"_blank\" rel=\"noopener\"><strong>al 13-lea an de GPeC &#8211; cel mai important eveniment de E-Commerce \u0219i Marketing Online din Europa Central\u0103 \u0219i de Est<\/strong><\/a>. Pu\u021bin ne mai desparte p\u00e2n\u0103 c\u00e2nd vom \u00eemp\u0103rt\u0103\u0219i cu tine toate informa\u021biile despre <strong>Competi\u021bia Magazinelor Online GPeC 2018<\/strong> \u0219i despre evenimentele pe care abia a\u0219tept\u0103m s\u0103 le petrecem \u00eempreun\u0103: <strong>GPeC SUMMIT 29-30-31 Mai 2018<\/strong>, <strong>\u0218coala de Var\u0103 de E-Commerce GPeC 22-27 August 2018<\/strong> \u0219i <strong>GPeC SUMMIT &amp; Gala Premiilor eCommerce Noiembrie 2018<\/strong>.<\/p>\n<p><img loading=\"lazy\" decoding=\"async\" class=\"alignright wp-image-12354 size-medium\" src=\"https:\/\/www.gpec.ro\/blog\/wp-content\/uploads\/2018\/03\/Karl-Gilis-speaking-at-GPeC-SUMMIT-Romania-Conversion-Optimization-UX-300x247.jpg\" alt=\"Karl Gilis vorbeste la GPeC SUMMIT Bucuresti 29-30-31 Mai 2018 UX Conversion Optimization E-Commerce\" width=\"300\" height=\"247\" srcset=\"https:\/\/www.gpec.ro\/blog\/wp-content\/uploads\/2018\/03\/Karl-Gilis-speaking-at-GPeC-SUMMIT-Romania-Conversion-Optimization-UX-300x247.jpg 300w, https:\/\/www.gpec.ro\/blog\/wp-content\/uploads\/2018\/03\/Karl-Gilis-speaking-at-GPeC-SUMMIT-Romania-Conversion-Optimization-UX.jpg 500w\" sizes=\"auto, (max-width: 300px) 100vw, 300px\" \/>P\u00e2n\u0103 c\u00e2nd toate surprizele preg\u0103tite vor fi disponibile oficial pe site-ul nostru, <strong>#d\u0103mdincas\u0103<\/strong> \u0219i dezv\u0103luim identitatea primului speaker excep\u021bional pe care \u00eel vei \u00eent\u00e2lni la GPeC SUMMIT: <strong><a href=\"http:\/\/www.agconsult.com\/en\/about-agconsult\/karl-gilis\" target=\"_blank\" rel=\"noopener\">Karl Gilis<\/a> revine \u00een Rom\u00e2nia pentru a 3-a oar\u0103!<\/strong><\/p>\n<p>Karl a fost pentru prima dat\u0103 \u00een Rom\u00e2nia la GPeC SUMMIT \u00een Mai 2016. L-ai \u00eendr\u0103git at\u00e2t de mult \u00eenc\u00e2t l-am readus la GPeC SUMMIT \u00een Mai 2017. L-ai iubit \u0219i dorit \u0219i mai mult, \u00eenc\u00e2t <strong>Karl Gilis vine pentru a treia oar\u0103 consecutiv la GPeC SUMMIT Mai 2018!<\/strong> Ca s\u0103 fie clar: &#8222;vina&#8221; \u00ee\u021bi apar\u021bine :)<\/p>\n<h4><strong>Keynote de 45 de minute \u0219i Workshop de 6 ore cu Karl Gilis la GPeC SUMMIT<\/strong><\/h4>\n<p>Pe <strong>29 Mai<\/strong>, Karl Gilis te a\u0219teapt\u0103 la GPeC SUMMIT cu un <strong>keynote de 45 de minute<\/strong>, iar pe <strong>31 Mai cu 1 zi \u00eentreag\u0103 de Workshop UX &amp; Conversion Optimization <\/strong>intitulat<strong> &#8222;Get More Revenue From the Same Amount of Visitors&#8221;<\/strong> la care locurile sunt super limitate: Karl \u00ee\u0219i dore\u0219te o echip\u0103 de <strong>maximum 50 de cursan\u021bi cu care s\u0103 \u00eemp\u0103rt\u0103\u0219easc\u0103 6 ore de con\u021binut \u0219i cu care s\u0103 lucreze cot la cot pentru bunul mers al afacerii lor<\/strong>.<!--more--><\/p>\n<p>Dac\u0103 nu l-ai cunoscut \u00eenc\u0103 pe Karl Gilis, \u00ee\u021bi spunem noi c\u00e2te ceva pe scurt: este <strong>Co-Fondatorul <a href=\"http:\/\/www.agconsult.com\/en\" target=\"_blank\" rel=\"noopener\">AG Consult<\/a><\/strong>, una dintre cele mai cunoscute agen\u021bii de <strong>Usability \u0219i Optimizarea Conversiilor<\/strong> din Belgia.<\/p>\n<p>S\u0103tul de specula\u021bii \u0219i opinii bazate pe feeling, Karl a devenit <strong>obsedat de A\/B Testing<\/strong> \u0219i face optimiz\u0103ri de site-uri baz\u00e2ndu-se doar pe cercet\u0103ri \u0219i pe rezultate m\u0103surabile, mai ales c\u0103 testele \u00eei permit s\u0103 vad\u0103 concret impactul solu\u021biilor propuse \u0219i al schimb\u0103rilor din site.<\/p>\n<p><img loading=\"lazy\" decoding=\"async\" class=\"alignleft size-medium wp-image-12357\" src=\"https:\/\/www.gpec.ro\/blog\/wp-content\/uploads\/2018\/03\/Karl-Gilis-GPeC-SUMMIT-300x200.jpg\" alt=\"Karl Gilis speaker la GPeC SUMMIT 29-30-31 Mai 2018 Bucuresti\" width=\"300\" height=\"200\" srcset=\"https:\/\/www.gpec.ro\/blog\/wp-content\/uploads\/2018\/03\/Karl-Gilis-GPeC-SUMMIT-300x200.jpg 300w, https:\/\/www.gpec.ro\/blog\/wp-content\/uploads\/2018\/03\/Karl-Gilis-GPeC-SUMMIT.jpg 500w\" sizes=\"auto, (max-width: 300px) 100vw, 300px\" \/>Cunoscut drept <strong>\u201cThe Conversion Comedian\u201d<\/strong>, Karl face un adev\u0103rat spectacol pe fiecare scen\u0103 pe care urc\u0103 \u00eembin\u00e2nd \u2013 \u00eentr-o manier\u0103 unic\u0103 \u2013\u00a0 know how-ul premium cu analogii amuzante din via\u021ba real\u0103, menite s\u0103 aduc\u0103 hohote de r\u00e2s \u0219i ropote de aplauze din partea audien\u021bei.<\/p>\n<p>Pe <strong>29 Mai<\/strong>, <strong>Karl urc\u0103 pentru a treia oar\u0103 consecutiv pe scena GPeC<\/strong>, iar pe <strong>31 Mai<\/strong> \u00eentreaga zi este a lui \u00eempreun\u0103 cu al\u021bi <strong>50 de cursan\u021bi care se \u00eenscriu primii la Workshop-ul de UX &amp; Conversion Optimization &#8211; &#8222;Get More Revenue From the Same Amount of Visitors&#8221;. #DeNeratat #PentruBineleAfaceriiTale<\/strong><\/p>\n<p><strong>\u00censcrierile la GPeC SUMMIT 29-30-31 Mai \u00eencep \u00een cur\u00e2nd, iar toate detaliile vor fi disponibile pe <a href=\"http:\/\/www.gpec.ro\/\" target=\"_blank\" rel=\"noopener\">site-ul nostru<\/a> &#8211; deci fii cu ochii pe noi!<\/strong><\/p>\n<p>S\u0103rb\u0103torim \u00eempreun\u0103 <strong>13 ani de GPeC<\/strong> cu unii dintre cei mai cunoscu\u021bi exper\u021bi \u00een E-Commerce \u0219i Digital Marketing la nivel interna\u021bional \u2013 speakeri cita\u021bi \u00een cele mai prestigioase publica\u021bii \u0219i cap de afi\u0219 al marilor evenimente de profil din \u00eentreaga lume. Ca de fiecare dat\u0103, <strong>scopul nostru este s\u0103 livr\u0103m con\u021binut relevant care s\u0103 te ajute concret \u00een cre\u0219terea afacerii, iar tu s\u0103 \u00eenve\u021bi doar de la cei mai buni<\/strong>!<\/p>\n<p><strong>\u00ce\u021bi spunem de acum c\u0103 \u021bi-am preg\u0103tit un line-up de speakeri #epic! <\/strong><\/p>\n<p>Dac\u0103 ai ratat keynote-ul lui Karl de la edi\u021bia de anul trecut a GPeC SUMMIT, urm\u0103re\u0219te-l cu \u00eencredere mai jos. Merit\u0103!<\/p>\n<p><iframe loading=\"lazy\" src=\"https:\/\/www.youtube.com\/embed\/qB3_JkWdG4M\" width=\"560\" height=\"315\" frameborder=\"0\" allowfullscreen=\"allowfullscreen\"><\/iframe><\/p>\n","protected":false},"excerpt":{"rendered":"<div class=\"fcbkbttn_buttons_block\" id=\"fcbkbttn_left\"><div class=\"fcbkbttn_like \"><div class=\"fb-like fb-like-button_count\" data-href=\"https:\/\/www.gpec.ro\/blog\/daca-e-gpec-summit-mai-e-karl-gilis-the-conversion-comedian-pentru-a-treia-oara-in-romania\" data-colorscheme=\"light\" data-layout=\"button_count\" data-action=\"like\"  data-size=\"small\"><\/div><\/div><\/div><p>Ne preg\u0103tim de lansarea oficial\u0103 a celui de al 13-lea an de GPeC &#8211; cel mai important eveniment de E-Commerce \u0219i Marketing Online din Europa Central\u0103 \u0219i de Est. Pu\u021bin ne mai desparte p\u00e2n\u0103 c\u00e2nd vom \u00eemp\u0103rt\u0103\u0219i cu tine toate informa\u021biile despre Competi\u021bia Magazinelor Online GPeC 2018 \u0219i despre evenimentele pe care abia a\u0219tept\u0103m s\u0103 le petrecem \u00eempreun\u0103: GPeC SUMMIT 29-30-31 Mai 2018, \u0218coala de Var\u0103 de E-Commerce GPeC 22-27 August 2018 \u0219i GPeC SUMMIT &amp; Gala Premiilor eCommerce Noiembrie 2018. P\u00e2n\u0103 c\u00e2nd toate surprizele preg\u0103tite vor fi disponibile oficial pe site-ul nostru, #d\u0103mdincas\u0103 \u0219i dezv\u0103luim identitatea primului speaker excep\u021bional pe care \u00eel vei \u00eent\u00e2lni la GPeC SUMMIT: Karl Gilis revine \u00een Rom\u00e2nia pentru a 3-a oar\u0103! Karl a fost pentru prima dat\u0103 \u00een Rom\u00e2nia la GPeC SUMMIT \u00een Mai 2016. L-ai \u00eendr\u0103git at\u00e2t de mult \u00eenc\u00e2t l-am readus la GPeC SUMMIT \u00een Mai 2017. L-ai iubit \u0219i dorit \u0219i<\/p>\n","protected":false},"author":1,"featured_media":0,"comment_status":"open","ping_status":"open","sticky":false,"template":"","format":"standard","meta":{"footnotes":""},"categories":[1,724,43],"tags":[98,100,737,426,719],"class_list":["post-12350","post","type-post","status-publish","format-standard","hentry","category-comert-electronic","category-gpec-summit","category-noutati-si-stiri-gpec","tag-conversion-optimization","tag-gpec-summit","tag-growth-hacking","tag-karl-gilis","tag-ux"],"aioseo_notices":[],"_links":{"self":[{"href":"https:\/\/www.gpec.ro\/blog\/wp-json\/wp\/v2\/posts\/12350","targetHints":{"allow":["GET"]}}],"collection":[{"href":"https:\/\/www.gpec.ro\/blog\/wp-json\/wp\/v2\/posts"}],"about":[{"href":"https:\/\/www.gpec.ro\/blog\/wp-json\/wp\/v2\/types\/post"}],"author":[{"embeddable":true,"href":"https:\/\/www.gpec.ro\/blog\/wp-json\/wp\/v2\/users\/1"}],"replies":[{"embeddable":true,"href":"https:\/\/www.gpec.ro\/blog\/wp-json\/wp\/v2\/comments?post=12350"}],"version-history":[{"count":16,"href":"https:\/\/www.gpec.ro\/blog\/wp-json\/wp\/v2\/posts\/12350\/revisions"}],"predecessor-version":[{"id":12476,"href":"https:\/\/www.gpec.ro\/blog\/wp-json\/wp\/v2\/posts\/12350\/revisions\/12476"}],"wp:attachment":[{"href":"https:\/\/www.gpec.ro\/blog\/wp-json\/wp\/v2\/media?parent=12350"}],"wp:term":[{"taxonomy":"category","embeddable":true,"href":"https:\/\/www.gpec.ro\/blog\/wp-json\/wp\/v2\/categories?post=12350"},{"taxonomy":"post_tag","embeddable":true,"href":"https:\/\/www.gpec.ro\/blog\/wp-json\/wp\/v2\/tags?post=12350"}],"curies":[{"name":"wp","href":"https:\/\/api.w.org\/{rel}","templated":true}]}}