{"id":13141,"date":"2018-05-21T13:17:44","date_gmt":"2018-05-21T10:17:44","guid":{"rendered":"https:\/\/www.gpec.ro\/blog\/?p=13141"},"modified":"2018-05-25T09:03:44","modified_gmt":"2018-05-25T06:03:44","slug":"gpec-live-cu-bogdan-manolea-co-founder-trusted-ro","status":"publish","type":"post","link":"https:\/\/www.gpec.ro\/blog\/gpec-live-cu-bogdan-manolea-co-founder-trusted-ro","title":{"rendered":"GPeC Live cu Bogdan Manolea, Co-Founder TRUSTED.ro"},"content":{"rendered":"<div class=\"fcbkbttn_buttons_block\" id=\"fcbkbttn_left\"><div class=\"fcbkbttn_like \"><div class=\"fb-like fb-like-button_count\" data-href=\"https:\/\/www.gpec.ro\/blog\/gpec-live-cu-bogdan-manolea-co-founder-trusted-ro\" data-colorscheme=\"light\" data-layout=\"button_count\" data-action=\"like\"  data-size=\"small\"><\/div><\/div><\/div><p><img loading=\"lazy\" decoding=\"async\" class=\"aligncenter size-full wp-image-13028\" src=\"https:\/\/www.gpec.ro\/blog\/wp-content\/uploads\/2018\/05\/GPeC-Live-Manolea.jpg\" alt=\"\" width=\"800\" height=\"489\" srcset=\"https:\/\/www.gpec.ro\/blog\/wp-content\/uploads\/2018\/05\/GPeC-Live-Manolea.jpg 800w, https:\/\/www.gpec.ro\/blog\/wp-content\/uploads\/2018\/05\/GPeC-Live-Manolea-300x183.jpg 300w, https:\/\/www.gpec.ro\/blog\/wp-content\/uploads\/2018\/05\/GPeC-Live-Manolea-768x469.jpg 768w\" sizes=\"auto, (max-width: 800px) 100vw, 800px\" \/><\/p>\n<p><span style=\"font-weight: 400;\">La cea de-a doua edi\u021bie a GPeC Live l-am avut ca invitat pe <\/span><b>Bogdan Manolea<\/b><span style=\"font-weight: 400;\">, Co-Fondator <\/span><a href=\"https:\/\/trusted.ro\"><b>TRUSTED.ro<\/b><\/a><span style=\"font-weight: 400;\">, care ne-a vorbit despre <\/span><b>GDPR pentru magazinele online<\/b><span style=\"font-weight: 400;\">. \u0218tim c\u0103 sunte\u021bi curio\u0219i s\u0103 afla\u021bi cele mai importante aspecte legislative \u00een e-commerce, a\u0219a c\u0103 f\u0103r\u0103 s\u0103 ne lungim prea mult, iat\u0103 c\u00e2teva dintre \u00eentreb\u0103rile la care am r\u0103spuns \u00een timpul interviului. \u0218i, desigur, dac\u0103 mai ave\u021bi \u0219i alte \u00eentreb\u0103ri legate de GDPR, l\u0103sa\u021bi-le \u00een sec\u021biunea de comentarii. <\/span><\/p>\n<p><!--more--><\/p>\n<p><b>Ce nu este GDPR?<\/b><\/p>\n<p><span style=\"font-weight: 400;\">Nu este un acronim tehnic, ci unul juridic, care este o prescurtare a Regulamentului UE 2016\/679. \u00cel g\u0103si\u021bi aici: <\/span><a href=\"https:\/\/eur-lex.europa.eu\/legal-content\/RO\/TXT\/HTML\/?uri=CELEX:32016R0679&amp;from=EN\"><span style=\"font-weight: 400;\">https:\/\/eur-lex.europa.eu\/legal-content\/RO\/TXT\/HTML\/?uri=CELEX:32016R0679&amp;from=EN<\/span><\/a><span style=\"font-weight: 400;\">. \u00a0<\/span><\/p>\n<p>&nbsp;<\/p>\n<p><b>Ce fel de date personale colecteaz\u0103 un magazin online?<\/b><\/p>\n<p><span style=\"font-weight: 400;\">\u00cen primul r\u00e2nd, sunt colectate datele necesare pentru a vinde &#8211; datele clien\u021bilor. Acestea trebuie s\u0103 aib\u0103 un scop clar \u0219i s\u0103 nu fie excesive. Apoi sunt datele angaja\u021bilor, date de facturare, date ale viitorilor angaja\u021bi etc.<\/span><\/p>\n<p>&nbsp;<\/p>\n<p><b>\u00cen cazul unei firme care de\u021bine dou\u0103 magazine online diferite, datele colectate se pot folosi \u201ela comun\u201d?<\/b><\/p>\n<p><span style=\"font-weight: 400;\">Nu, deoarece scopul colect\u0103rii a fost diferit &#8211; cump\u0103rarea de pe magazin1.ro nu e acela\u0219i lucru cu cump\u0103rarea de la magazin2.ro. Nici marketingul pentru produsele de la magazin1.ro nu e acela\u0219i cu cel de la magazin2.ro. <\/span><\/p>\n<p>&nbsp;<\/p>\n<p><b>Abona\u021bii la newsletter trebuie s\u0103 se reaboneze? <\/b><\/p>\n<p><span style=\"font-weight: 400;\">Nu, nu este necesar s\u0103 li se cear\u0103 din nou consim\u021b\u0103m\u00e2ntul, dac\u0103 acesta a fost ob\u021binut corect.<\/span><\/p>\n<p>&nbsp;<\/p>\n<p><b>Este obligatoriu postul de DPO pentru un magazin online?<\/b><\/p>\n<p><span style=\"font-weight: 400;\">Nu,cu excep\u021bia magazinelor mari, care fac \u201cmonitorizare periodic\u0103 \u0219i sistematic\u0103\u201d.<\/span><\/p>\n<p>&nbsp;<\/p>\n<p><b>Accesul la datele clien\u021bilor trebuie restric\u021bionat?<\/b><\/p>\n<p><span style=\"font-weight: 400;\">Accesul la date trebuie permis doar angaja\u021bilor care au nevoie de acele date pentru a-\u0219i \u00eendeplini sarcinile de serviciu.<\/span><\/p>\n<p>&nbsp;<\/p>\n<p><b>Este obligatoriu s\u0103 de\u021bii un registru al eviden\u021belor?<\/b><\/p>\n<p><span style=\"font-weight: 400;\">Da, magazinele online sunt obligate s\u0103 \u021bin\u0103 eviden\u021ba activit\u0103\u021bilor de prelucrare a datelor deoarece activitatea acestora nu este ocazional\u0103.<\/span><\/p>\n<p>&nbsp;<\/p>\n<p><b>Datele de facturare se supun normelor GDPR?<\/b><\/p>\n<p><span style=\"font-weight: 400;\">Da, datele de facturare sunt date cu caracter personal.<\/span><\/p>\n<p>&nbsp;<\/p>\n<p><b>Cum trebuie s\u0103 procedezi \u00een rela\u021bia cu ter\u021bii?<\/b><\/p>\n<p><span style=\"font-weight: 400;\">R\u0103spunderea principal\u0103 este cea a operatorului, adic\u0103 a magazinului online. Pe scurt trebuie s\u0103 te asiguri c\u0103 acei ter\u021bi sunt \u00een UE, Spa\u021biul Economic European, sau \u00een alte state cu regim adecvat, \u0219i c\u0103 asigur\u0103 securitatea datelor.<\/span><\/p>\n<p>&nbsp;<\/p>\n<p><b>E\u0219ti obligat s\u0103 \u00eenregistrezi discu\u021biile telefonice?<\/b><\/p>\n<p><span style=\"font-weight: 400;\">Nu e\u0219ti obligat, \u00eens\u0103 poate exista situa\u021bia \u00een care s\u0103 vrei s\u0103 folose\u0219ti consim\u021b\u0103m\u00e2ntul dat telefonic de c\u0103tre un client ca temei legal. Dac\u0103 faci \u00eenregistr\u0103ri, e\u0219ti obligat s\u0103 anun\u021bi persoana respectiv\u0103 \u00eenainte de a \u00eencepe \u00eenregistrarea.<\/span><\/p>\n<p>&nbsp;<\/p>\n<p><b>Sunt considera\u021bi ter\u021bi \u0219i firmele care ofer\u0103 plug-in-uri de WordPress?<\/b><\/p>\n<p><span style=\"font-weight: 400;\">Dac\u0103 folosesc sau colecteaz\u0103 date personale care merg la aceste firme, da.<\/span><\/p>\n<p>&nbsp;<\/p>\n<p><b>Este obligatoriu s\u0103 informezi clien\u021bii, \u00een pagina de check-out, cu privire la folosirea datelor pe care le completeaz\u0103 (datele de facturare \u0219i livrare)?<\/b><\/p>\n<p><span style=\"font-weight: 400;\">Da, informarea clien\u021bilor cu privire la datele colectate este obligatorie din momentul colect\u0103rii datelor.<\/span><\/p>\n<p>&nbsp;<\/p>\n<p><b>Atunci c\u00e2nd ne este solicitat\u0103 \u0219tergerea unor date personale, este suficient s\u0103 suprascriem acele date sau trebuie \u0219terse definitiv din baza de date?<\/b><\/p>\n<p><span style=\"font-weight: 400;\">\u00cen primul r\u00e2nd, cererea trebuie s\u0103 fie \u00eentemeiat\u0103. Se pot \u0219terge date folosite \u00een scopuri de marketing, dar nu \u0219i cele care apar pe factur\u0103. Ambele variante sunt permise, c\u00e2t timp procesul este ireversibil \u0219i datele rezultate sunt date anonime.<\/span><\/p>\n<p><iframe loading=\"lazy\" style=\"border: none; overflow: hidden;\" src=\"https:\/\/www.facebook.com\/plugins\/video.php?href=https%3A%2F%2Fwww.facebook.com%2FGPeCro%2Fvideos%2F2442709782421631%2F&amp;show_text=0&amp;width=560\" width=\"560\" height=\"315\" frameborder=\"0\" scrolling=\"no\" allowfullscreen=\"allowfullscreen\"><\/iframe><\/p>\n<p><span style=\"font-weight: 400;\">Mai multe informa\u021bii despre <\/span><b>GDPR <\/b><span style=\"font-weight: 400;\">\u0219i ce se va \u00eent\u00e2mpla <\/span><b>dup\u0103 25 Mai<\/b><span style=\"font-weight: 400;\"> g\u0103si\u021bi \u00een \u00eenregistrarea de mai jos. De asemenea, magazinele online care se \u00eenscriu \u00een <\/span><a href=\"https:\/\/www.gpec.ro\/regulament-competitia-magazinelor-online-gpec\/\"><b>Competi\u021bia Magazinelor Online GPeC<\/b><\/a><b> 2018 p\u00e2n\u0103 pe 30 Mai <\/b><span style=\"font-weight: 400;\">pot beneficia \u0219i de Pachetul de Conformare cu Standardele GDPR.<\/span><\/p>\n","protected":false},"excerpt":{"rendered":"<div class=\"fcbkbttn_buttons_block\" id=\"fcbkbttn_left\"><div class=\"fcbkbttn_like \"><div class=\"fb-like fb-like-button_count\" data-href=\"https:\/\/www.gpec.ro\/blog\/gpec-live-cu-bogdan-manolea-co-founder-trusted-ro\" data-colorscheme=\"light\" data-layout=\"button_count\" data-action=\"like\"  data-size=\"small\"><\/div><\/div><\/div><p>La cea de-a doua edi\u021bie a GPeC Live l-am avut ca invitat pe Bogdan Manolea, Co-Fondator TRUSTED.ro, care ne-a vorbit despre GDPR pentru magazinele online. \u0218tim c\u0103 sunte\u021bi curio\u0219i s\u0103 afla\u021bi cele mai importante aspecte legislative \u00een e-commerce, a\u0219a c\u0103 f\u0103r\u0103 s\u0103 ne lungim prea mult, iat\u0103 c\u00e2teva dintre \u00eentreb\u0103rile la care am r\u0103spuns \u00een timpul interviului. \u0218i, desigur, dac\u0103 mai ave\u021bi \u0219i alte \u00eentreb\u0103ri legate de GDPR, l\u0103sa\u021bi-le \u00een sec\u021biunea de comentarii.<\/p>\n","protected":false},"author":13,"featured_media":0,"comment_status":"open","ping_status":"open","sticky":false,"template":"","format":"standard","meta":{"footnotes":""},"categories":[1],"tags":[841,767,905],"class_list":["post-13141","post","type-post","status-publish","format-standard","hentry","category-comert-electronic","tag-gdpr","tag-gpec-2018","tag-gpec-live"],"aioseo_notices":[],"_links":{"self":[{"href":"https:\/\/www.gpec.ro\/blog\/wp-json\/wp\/v2\/posts\/13141","targetHints":{"allow":["GET"]}}],"collection":[{"href":"https:\/\/www.gpec.ro\/blog\/wp-json\/wp\/v2\/posts"}],"about":[{"href":"https:\/\/www.gpec.ro\/blog\/wp-json\/wp\/v2\/types\/post"}],"author":[{"embeddable":true,"href":"https:\/\/www.gpec.ro\/blog\/wp-json\/wp\/v2\/users\/13"}],"replies":[{"embeddable":true,"href":"https:\/\/www.gpec.ro\/blog\/wp-json\/wp\/v2\/comments?post=13141"}],"version-history":[{"count":4,"href":"https:\/\/www.gpec.ro\/blog\/wp-json\/wp\/v2\/posts\/13141\/revisions"}],"predecessor-version":[{"id":13444,"href":"https:\/\/www.gpec.ro\/blog\/wp-json\/wp\/v2\/posts\/13141\/revisions\/13444"}],"wp:attachment":[{"href":"https:\/\/www.gpec.ro\/blog\/wp-json\/wp\/v2\/media?parent=13141"}],"wp:term":[{"taxonomy":"category","embeddable":true,"href":"https:\/\/www.gpec.ro\/blog\/wp-json\/wp\/v2\/categories?post=13141"},{"taxonomy":"post_tag","embeddable":true,"href":"https:\/\/www.gpec.ro\/blog\/wp-json\/wp\/v2\/tags?post=13141"}],"curies":[{"name":"wp","href":"https:\/\/api.w.org\/{rel}","templated":true}]}}