{"id":19841,"date":"2023-11-09T11:11:37","date_gmt":"2023-11-09T09:11:37","guid":{"rendered":"https:\/\/www.gpec.ro\/blog\/?p=19841"},"modified":"2023-11-09T11:11:37","modified_gmt":"2023-11-09T09:11:37","slug":"inatech-packaging-cererea-pentru-ambalaje-de-protectie-pentru-black-friday-2023-in-crestere-cu-20","status":"publish","type":"post","link":"https:\/\/www.gpec.ro\/blog\/inatech-packaging-cererea-pentru-ambalaje-de-protectie-pentru-black-friday-2023-in-crestere-cu-20","title":{"rendered":"INATECH Packaging: Cererea pentru ambalaje de protec\u021bie pentru Black FRIDAY 2023, \u00een cre\u0219tere cu 20%"},"content":{"rendered":"<div class=\"fcbkbttn_buttons_block\" id=\"fcbkbttn_left\"><div class=\"fcbkbttn_like \"><div class=\"fb-like fb-like-button_count\" data-href=\"https:\/\/www.gpec.ro\/blog\/inatech-packaging-cererea-pentru-ambalaje-de-protectie-pentru-black-friday-2023-in-crestere-cu-20\" data-colorscheme=\"light\" data-layout=\"button_count\" data-action=\"like\"  data-size=\"small\"><\/div><\/div><\/div><p><span style=\"font-weight: 400;\">INATECH Packaging: Magazinele online s-au preg\u0103tit cu cel pu\u021bin 3 luni \u00eenainte pentru campania de Black Friday din 2023, achizi\u021bion\u00e2nd cu 20% mai multe ambalaje de protec\u021bie pentru produsele v\u00e2ndute \u00een campanie, fa\u021b\u0103 de edi\u021bia de anul trecut, potrivit datelor INATECH Packaging, una dintre cele mai mari companii de ambalaje din Rom\u00e2nia \u0219i furnizor principal de ambalaje pentru sectorul e-commerce. <\/span><!--more--><\/p>\n<p><span style=\"font-weight: 400;\"><img loading=\"lazy\" decoding=\"async\" class=\" wp-image-19843 alignleft\" src=\"https:\/\/www.gpec.ro\/blog\/wp-content\/uploads\/2023\/11\/Cristian-Ba\u0306descu-CEO-INATECH-Packaging-300x177.jpg\" alt=\"\" width=\"449\" height=\"265\" srcset=\"https:\/\/www.gpec.ro\/blog\/wp-content\/uploads\/2023\/11\/Cristian-Ba\u0306descu-CEO-INATECH-Packaging-300x177.jpg 300w, https:\/\/www.gpec.ro\/blog\/wp-content\/uploads\/2023\/11\/Cristian-Ba\u0306descu-CEO-INATECH-Packaging-1024x604.jpg 1024w, https:\/\/www.gpec.ro\/blog\/wp-content\/uploads\/2023\/11\/Cristian-Ba\u0306descu-CEO-INATECH-Packaging-768x453.jpg 768w, https:\/\/www.gpec.ro\/blog\/wp-content\/uploads\/2023\/11\/Cristian-Ba\u0306descu-CEO-INATECH-Packaging-1536x906.jpg 1536w, https:\/\/www.gpec.ro\/blog\/wp-content\/uploads\/2023\/11\/Cristian-Ba\u0306descu-CEO-INATECH-Packaging-2048x1208.jpg 2048w\" sizes=\"auto, (max-width: 449px) 100vw, 449px\" \/>\u201cDin punctul de vedere al cererii pentru ambalaje de protec\u021bie a produselor care vor fi livrate de Black Friday, edi\u021bia din 2023 este mai complex\u0103 comparativ cu alte edi\u021bii, retailerii online preg\u0103tind un stoc mult mai ma<\/span>re pentru campanie. Anul acesta \u00een mod special, av\u00e2nd \u00een vedere \u0219i consumul general mai sc\u0103zut, pentru multe magazine online perioada de Black Friday este o perioad\u0103 de recuperare \u0219i de cre\u0219tere accelerat\u0103 a v\u00e2nz\u0103rilor, motiv pentru care vor s\u0103 reduc\u0103 pe c\u00e2t posibil costurile suplimentare cu avarierea sau distrugerea produselor livrate \u0219i implicit rata de retur, dar \u0219i costurile de automatizare \u0219i de optimizare cu ambalarea produselor. De aceea, am diversificat oferta de produse pentru Black Friday, introduc\u00e2nd \u00een campanie \u0219i promo\u021bii la sisteme de ambalare, pe l\u00e2ng\u0103 cele la o gam\u0103 larg\u0103 de ambalaje. Conform datelor de la clien\u021bii no\u0219tri din e-commerce, p\u00e2n\u0103 la aproximativ 20% dintre produse sunt avariate sau distruse \u00een timpul manipul\u0103rii \u00een depozit sau pe parcursul livr\u0103rii, ceea ce genereaz\u0103 pierderi semnificative pentru retaileri \u0219i nemul\u021bumiri consumatorilor care a\u0219teapt\u0103 s\u0103 primeasc\u0103 produsele \u00eentregi \u0219i la timp\u201d, explic\u0103 Cristian B\u0103descu, CEO INATECH Packaging.<\/p>\n<p><span style=\"font-weight: 400;\">Astfel, cele mai achizi\u021bionate tipuri de ambalaje pentru protec\u021bia produselor de Black Friday 2023 sunt <strong>ambalajele specifice pentru ecommerce, sistemele de ambalare, folia cu bule, sisteme de ambalare cu h\u00e2rtie \u0219i fulgii biodegradabili<\/strong> pentru umplerea golurilor din cutie.<\/span><\/p>\n<p><span style=\"font-weight: 400;\">\u00cen func\u021bie de tipurile de ambalajele achizi\u021bionate, <strong>retailerii online se a\u0219teapt\u0103 s\u0103 v\u00e2nd\u0103 cel mai mult produse din categoria electronice \u0219i electrocasnice, haine \u0219i \u00eenc\u0103l\u021b\u0103minte, mobil\u0103, cosmetice, dar \u0219i legume \u0219i fructe \u0219i produse de lux sau artizanale<\/strong>, care necesit\u0103 o protec\u021bie sporit\u0103.<\/span><\/p>\n<p><span style=\"font-weight: 400;\">\u201cSpre deosebire de anul trecut, \u00een edi\u021bia Black Friday 2023 vor fi incluse <strong>mai multe produse personalizate, artizanale sau de lux<\/strong>, av\u00e2nd o cerere mai mare cu 30% pentru ambalajele din spum\u0103 customizate, create special pentru acest tip de produse, cum ar fi produse din sticl\u0103, ceasuri \u0219i bijuterii. Multe dintre ambalajele create sunt unicat, create special pentru produse realizate manual. De la an la an, cre\u0219te \u0219i num\u0103rul produc\u0103torilor mici \u0219i al artizanilor care realizeaz\u0103 campanii de Black Friday\u201d, declar\u0103 Andrei Rusu, co-fondator iFOAM AG, una dintre cele mai mari companii produc\u0103toare de ambalaje de protec\u021bie customizate, parte din grupul INATECH Packaging.<\/span><\/p>\n<h3><b>Black Friday 2023 la ambalaje pentru protec\u021bie: cre\u0219tere de 10% a v\u00e2nz\u0103rilor<\/b><\/h3>\n<p><span style=\"font-weight: 400;\">Totodat\u0103, pentru a veni \u00een sprijinul businessurilor locale, dar \u0219i a consumatorilor persoane fizice, grupul INATECH Packaging organizeaz\u0103 o campanie de Black Friday cu promo\u021bii la ambalaje pentru protec\u021bie \u0219i sisteme de ambalare, \u00een perioada 10-26 noiembrie. Compania estimeaz\u0103 o cre\u0219tere de 10% a v\u00e2nzarilor de Black Friday, direct sau online pe <\/span><a href=\"https:\/\/inatech-shop.ro\/\"><span style=\"font-weight: 400;\">Inatech-shop.ro<\/span><\/a><span style=\"font-weight: 400;\">.\u00a0<\/span><\/p>\n<p><span style=\"font-weight: 400;\">\u201cAproximativ 200 de articole sunt incluse \u00een campania de Black Friday 2023, cu discount \u00eentre 3% \u0219i 50%, destinate companiilor care vor s\u0103 \u00ee\u0219i asigure stocul necesar de ambalaje, \u00een special pentru luna decembrie c\u00e2nd retailerii gestioneaz\u0103 un mare flux de produse cu ocazia s\u0103rb\u0103torilor de iarn\u0103. Ne a\u0219tept\u0103m la un num\u0103r de comenzi ridicat pe toate tipurile de ambalaje, dar \u00een mod special pe ambalajele e-commerce, care sunt tot mai des utilizate de companiile din Rom\u00e2nia. De asemenea, ne a\u0219tept\u0103m la un num\u0103r record de achizi\u021bii online pe segmentul B2C \u00een edi\u021bia Black Friday de anul acesta. De altfel, pentru a sus\u021bine companiile in procesul de optimizare a costurilor, organiz\u0103m periodic campanii promo\u021bionale, inclusiv o campanie pre-Black Friday prin care am oferit posibilitatea de a achizi\u021biona ambalaje pentru protectie la un pret promotional, in baza unui cod de reducere de 10%, aplicabil achizi\u021biilor online\u201d, explic\u0103 M\u0103d\u0103lina Geam\u0103nu, Marketing Specialist \u00een cadrul INATECH Packaging.<\/span><\/p>\n<p><span style=\"font-weight: 400;\">De altfel, at\u00e2t sectorul e-commerce, c\u00e2t \u0219i segmentul de v\u00e2nz\u0103ri online au adus cre\u0219teri semnificative grupului INATECH Packaging \u00een acest an. De\u0219i consumul general s-a redus, industria de e-commerce \u00eenregistreaz\u0103 cea mai mare cre\u0219tere a cererii pentru ambalaje dintre toate industriile, de aproximativ 24% \u00een 2023 fa\u021b\u0103 de 2022.\u00a0<\/span><\/p>\n<p><span style=\"font-weight: 400;\">\u00cen acest context, grupul INATECH estimeaz\u0103 c\u0103 va \u00eencheia anul cu o cifr\u0103 de afaceri de peste 9 milioane euro, \u00een cre\u0219tere cu \u00een jur de 10% fa\u021b\u0103 de anul trecut.<\/span><\/p>\n<p><b>Despre INATECH Packaging<\/b><\/p>\n<p><span style=\"font-weight: 400;\">Fondat \u00een 2010, grupul INATECH, din care fac parte INATECH Packaging (divizia de ambalaje), Isoteckline (divizia de izola\u021bii pentru construc\u021bii) \u0219i iFOAM AG (divizia de ambalaje customizate), este una dintre cele mai mari companii de ambalaje de protec\u021bie din Rom\u00e2nia \u0219i Europa de Est, cu o gam\u0103 complet\u0103 de ambalaje \u0219i constant diversificat\u0103 cu noi tipuri de ambalaje, num\u0103r\u00e2nd \u00een prezent peste 5.000 de coduri unice \u00een portofoliul de produse.<\/span><\/p>\n<p><span style=\"font-weight: 400;\">Compania are at\u00e2t divizie de ambalaje de protec\u021bie, c\u00e2t \u0219i de materiale izolatoare \u0219i o linie de produc\u021bie de ambalaje customizate, prin care deserve\u0219te numeroase industrii printre care automotive, e-commerce, logistic\u0103 ,farmaceutic\u0103, electronic\u0103, aeronautic\u0103, construc\u021bii, produc\u021bia de mobil\u0103 \u0219i altele. Cu un depozit \u00een Domne\u0219ti-Ilfov \u0219i Oradea-CTP Cargo Terminal, INATECH Packaging deserve\u0219te pie\u021bele din Bulgaria, Ungaria, Republica Moldova, Germania \u0219i Austria, segmentul de export reprezent\u00e2nd 10% din business.<\/span><\/p>\n<p><span style=\"font-weight: 400;\">\u00cen 2023, INATECH a intrat pe segmentul de reciclare \u0219i prelucrare a de\u0219eurilor din plastic pentru producerea de materie prim\u0103 de tip granul\u0103 reciclat\u0103, necesar\u0103 pentru protec\u021bia produselor, ca parte din strategia de sustenabilitate a \u00eentreg grupului.<\/span><\/p>\n","protected":false},"excerpt":{"rendered":"<div class=\"fcbkbttn_buttons_block\" id=\"fcbkbttn_left\"><div class=\"fcbkbttn_like \"><div class=\"fb-like fb-like-button_count\" data-href=\"https:\/\/www.gpec.ro\/blog\/inatech-packaging-cererea-pentru-ambalaje-de-protectie-pentru-black-friday-2023-in-crestere-cu-20\" data-colorscheme=\"light\" data-layout=\"button_count\" data-action=\"like\"  data-size=\"small\"><\/div><\/div><\/div><p>INATECH Packaging: Magazinele online s-au preg\u0103tit cu cel pu\u021bin 3 luni \u00eenainte pentru campania de Black Friday din 2023, achizi\u021bion\u00e2nd cu 20% mai multe ambalaje de protec\u021bie pentru produsele v\u00e2ndute \u00een campanie, fa\u021b\u0103 de edi\u021bia de anul trecut, potrivit datelor INATECH Packaging, una dintre cele mai mari companii de ambalaje din Rom\u00e2nia \u0219i furnizor principal de ambalaje pentru sectorul e-commerce.<\/p>\n","protected":false},"author":40,"featured_media":19842,"comment_status":"open","ping_status":"closed","sticky":false,"template":"","format":"standard","meta":{"footnotes":""},"categories":[45],"tags":[3909,4119],"class_list":["post-19841","post","type-post","status-publish","format-standard","has-post-thumbnail","hentry","category-piata-de-ecommerce-din-romania","tag-blackfriday","tag-inatech"],"aioseo_notices":[],"_links":{"self":[{"href":"https:\/\/www.gpec.ro\/blog\/wp-json\/wp\/v2\/posts\/19841","targetHints":{"allow":["GET"]}}],"collection":[{"href":"https:\/\/www.gpec.ro\/blog\/wp-json\/wp\/v2\/posts"}],"about":[{"href":"https:\/\/www.gpec.ro\/blog\/wp-json\/wp\/v2\/types\/post"}],"author":[{"embeddable":true,"href":"https:\/\/www.gpec.ro\/blog\/wp-json\/wp\/v2\/users\/40"}],"replies":[{"embeddable":true,"href":"https:\/\/www.gpec.ro\/blog\/wp-json\/wp\/v2\/comments?post=19841"}],"version-history":[{"count":1,"href":"https:\/\/www.gpec.ro\/blog\/wp-json\/wp\/v2\/posts\/19841\/revisions"}],"predecessor-version":[{"id":19844,"href":"https:\/\/www.gpec.ro\/blog\/wp-json\/wp\/v2\/posts\/19841\/revisions\/19844"}],"wp:featuredmedia":[{"embeddable":true,"href":"https:\/\/www.gpec.ro\/blog\/wp-json\/wp\/v2\/media\/19842"}],"wp:attachment":[{"href":"https:\/\/www.gpec.ro\/blog\/wp-json\/wp\/v2\/media?parent=19841"}],"wp:term":[{"taxonomy":"category","embeddable":true,"href":"https:\/\/www.gpec.ro\/blog\/wp-json\/wp\/v2\/categories?post=19841"},{"taxonomy":"post_tag","embeddable":true,"href":"https:\/\/www.gpec.ro\/blog\/wp-json\/wp\/v2\/tags?post=19841"}],"curies":[{"name":"wp","href":"https:\/\/api.w.org\/{rel}","templated":true}]}}