{"id":5542,"date":"2015-12-04T13:29:02","date_gmt":"2015-12-04T10:29:02","guid":{"rendered":"https:\/\/www.gpec.ro\/blog\/?p=5542"},"modified":"2015-12-08T12:02:03","modified_gmt":"2015-12-08T09:02:03","slug":"reportaj-gpec-10-ani-de-comert-electronic-in-romania-partea-a-ii-a","status":"publish","type":"post","link":"https:\/\/www.gpec.ro\/blog\/reportaj-gpec-10-ani-de-comert-electronic-in-romania-partea-a-ii-a","title":{"rendered":"Reportaj GPeC: 10 ani de comer\u021b electronic \u00een Rom\u00e2nia (Partea a II-a \u0219i a III-a)"},"content":{"rendered":"<div class=\"fcbkbttn_buttons_block\" id=\"fcbkbttn_left\"><div class=\"fcbkbttn_like \"><div class=\"fb-like fb-like-button_count\" data-href=\"https:\/\/www.gpec.ro\/blog\/reportaj-gpec-10-ani-de-comert-electronic-in-romania-partea-a-ii-a\" data-colorscheme=\"light\" data-layout=\"button_count\" data-action=\"like\"  data-size=\"small\"><\/div><\/div><\/div><p>S\u0103pt\u0103m\u00e2na trecuta publicam <strong><a href=\"https:\/\/www.gpec.ro\/blog\/reportaj-gpec-10-ani-de-comert-electronic-in-romania-partea-i\" target=\"_blank\">prima parte a reportajului video realizat de GPeC<\/a><\/strong> \u0219i difuzat \u00een premier\u0103 la GPeC Summit, pe 24 Noiembrie. Ast\u0103zi v\u0103 prezent\u0103m partea a doua \u0219i a treia din\u00a0sinteza pie\u021bei de e-commerce din Rom\u00e2nia.<\/p>\n<p><em><img loading=\"lazy\" decoding=\"async\" class=\"aligncenter wp-image-5544 \" src=\"https:\/\/www.gpec.ro\/blog\/wp-content\/uploads\/2015\/12\/reportaj-foto-gpec-10-ani-partea-a-doua-a-3-1024x580.jpg\" alt=\"reportaj-foto-gpec-10-ani-partea-a-doua-a-3\" width=\"600\" height=\"340\" srcset=\"https:\/\/www.gpec.ro\/blog\/wp-content\/uploads\/2015\/12\/reportaj-foto-gpec-10-ani-partea-a-doua-a-3-1024x580.jpg 1024w, https:\/\/www.gpec.ro\/blog\/wp-content\/uploads\/2015\/12\/reportaj-foto-gpec-10-ani-partea-a-doua-a-3-300x170.jpg 300w\" sizes=\"auto, (max-width: 600px) 100vw, 600px\" \/>Prezint\u0103:\u00a0<\/em><\/p>\n<p><strong>Andrei RADU &#8211;<\/strong>\u00a0CEO &amp; Founder <a href=\"http:\/\/www.gpec.ro\" target=\"_blank\"><strong>GPeC<\/strong><\/a><\/p>\n<p><em>Invita\u021bii:<\/em><\/p>\n<p><strong>Dorin Boerescu<\/strong>\u00a0\u2013 CEO <strong><a href=\"https:\/\/www.2parale.ro\/\" target=\"_blank\">2Parale<br \/>\n<\/a><\/strong><strong>C\u0103t\u0103lin Cre\u021bu<\/strong>\u00a0\u2013 Subreginal Manager <a href=\"https:\/\/www.visaeurope.com\/\" target=\"_blank\"><strong>Visa Europe<\/strong><\/a> &#8211; Rom\u00e2nia, Croa\u021bia, Slovenia<br \/>\n<strong>Mihai P\u0103tra\u0219cu \u2013<\/strong>\u00a0CEO<strong><a href=\"http:\/\/www.evomag.ro\/\" target=\"_blank\"> evoMAG<br \/>\n<\/a><\/strong><strong>Felix P\u0103tr\u0103\u0219canu \u2013\u00a0<\/strong>Managing Partner <strong><a href=\"http:\/\/www.fancourier.ro\/\" target=\"_blank\">FAN Courier<br \/>\n<\/a><\/strong><strong>Marius Ghenea \u2013\u00a0<\/strong>Pre\u0219edinte<strong><strong><a href=\"http:\/\/www.pcgarage.ro\/\" target=\"_blank\"> PC Garage<br \/>\n<\/a><\/strong><\/strong><strong>Valentin Radu &#8211;<\/strong>\u00a0CEO <strong><a href=\"https:\/\/www.marketizator.com\/\" target=\"_blank\">Marketizator<br \/>\n<\/a><\/strong><strong>Dan V\u00eertopeanu \u2013\u00a0<\/strong>Managing Partner\u00a0<strong><a href=\"http:\/\/www.breezemobile.ro\/ro\" target=\"_blank\">Breeze Mobile<\/a><\/strong><\/p>\n<p><!--more--><\/p>\n<p><strong>Partea a II-a<\/strong>: C\u00e2t cheltuiesc rom\u00e2nii online? Care este valoarea medie a tranzac\u021biilor \u00een 2015 \u0219i cu se compar\u0103 cu 2014? \u00a0\u00cen Rom\u00e2nia au loc foarte multe evenimente de reduceri de tipul Black Friday; cum afecteaz\u0103 acestea industria de e-commerce? Ce investi\u021bii au f\u0103cut companiile de curierat anul acesta \u0219i cum au evoluat curierii?<\/p>\n<p><iframe loading=\"lazy\" width=\"910\" height=\"512\" src=\"https:\/\/www.youtube.com\/embed\/-JR3ZHw--fM?feature=oembed\" frameborder=\"0\" allow=\"autoplay; encrypted-media\" allowfullscreen><\/iframe><\/p>\n<p><strong>Partea a III-a<\/strong>:\u00a0Ce se \u00eent\u00e2mpl\u0103 cu rata de conversie la nivel mondial? Care sunt factorii care o pot influen\u021ba? Cum arat\u0103 pia\u021ba de m-commerce \u00een Rom\u00e2nia \u00een acest moment? Care sunt cele 3 probleme comune g\u0103site la magazinele online \u00eenscrise la <a class=\"_58cn\" href=\"https:\/\/www.facebook.com\/hashtag\/competitiagpec?source=feed_text&amp;story_id=1251203851572236\" data-ft=\"{&quot;tn&quot;:&quot;*N&quot;,&quot;type&quot;:104}\"><span class=\"_58cl\">\u202a#\u200e<\/span><span class=\"_58cm\">CompetitiaGPeC\u202c<\/span><\/a> 2015?<\/p>\n<p><iframe loading=\"lazy\" width=\"910\" height=\"512\" src=\"https:\/\/www.youtube.com\/embed\/E_wbQ23XNbc?feature=oembed\" frameborder=\"0\" allow=\"autoplay; encrypted-media\" allowfullscreen><\/iframe><\/p>\n<hr \/>\n<p><strong><a href=\"https:\/\/www.gpec.ro\/blog\/reportaj-gpec-10-ani-de-comert-electronic-in-romania-partea-i\" target=\"_blank\">Primul partea a reportajului<\/a><\/strong> poate fi g\u0103sit\u0103 aici.<\/p>\n<p>Aceste materiale video au fost difuzate \u00een premier\u0103 la\u00a0<strong><a href=\"https:\/\/www.gpec.ro\/blog\/gala-premiilor-ecommerce-editia-a-10-a-si-a-desemnat-castigatorii\" target=\"_blank\">GPeC Summit-ul de pe 24 Noiembrie<\/a><\/strong>.<\/p>\n","protected":false},"excerpt":{"rendered":"<div class=\"fcbkbttn_buttons_block\" id=\"fcbkbttn_left\"><div class=\"fcbkbttn_like \"><div class=\"fb-like fb-like-button_count\" data-href=\"https:\/\/www.gpec.ro\/blog\/reportaj-gpec-10-ani-de-comert-electronic-in-romania-partea-a-ii-a\" data-colorscheme=\"light\" data-layout=\"button_count\" data-action=\"like\"  data-size=\"small\"><\/div><\/div><\/div><p>S\u0103pt\u0103m\u00e2na trecuta publicam prima parte a reportajului video realizat de GPeC \u0219i difuzat \u00een premier\u0103 la GPeC Summit, pe 24 Noiembrie. Ast\u0103zi v\u0103 prezent\u0103m partea a doua \u0219i a treia din\u00a0sinteza pie\u021bei de e-commerce din Rom\u00e2nia. Prezint\u0103:\u00a0 Andrei RADU &#8211;\u00a0CEO &amp; Founder GPeC Invita\u021bii: Dorin Boerescu\u00a0\u2013 CEO 2Parale C\u0103t\u0103lin Cre\u021bu\u00a0\u2013 Subreginal Manager Visa Europe &#8211; Rom\u00e2nia, Croa\u021bia, Slovenia Mihai P\u0103tra\u0219cu \u2013\u00a0CEO evoMAG Felix P\u0103tr\u0103\u0219canu \u2013\u00a0Managing Partner FAN Courier Marius Ghenea \u2013\u00a0Pre\u0219edinte PC Garage Valentin Radu &#8211;\u00a0CEO Marketizator Dan V\u00eertopeanu \u2013\u00a0Managing Partner\u00a0Breeze Mobile<\/p>\n","protected":false},"author":13,"featured_media":0,"comment_status":"open","ping_status":"open","sticky":false,"template":"","format":"standard","meta":{"footnotes":""},"categories":[43,45],"tags":[383,384],"class_list":["post-5542","post","type-post","status-publish","format-standard","hentry","category-noutati-si-stiri-gpec","category-piata-de-ecommerce-din-romania","tag-gpec-2015","tag-reportaj-gpec"],"aioseo_notices":[],"_links":{"self":[{"href":"https:\/\/www.gpec.ro\/blog\/wp-json\/wp\/v2\/posts\/5542","targetHints":{"allow":["GET"]}}],"collection":[{"href":"https:\/\/www.gpec.ro\/blog\/wp-json\/wp\/v2\/posts"}],"about":[{"href":"https:\/\/www.gpec.ro\/blog\/wp-json\/wp\/v2\/types\/post"}],"author":[{"embeddable":true,"href":"https:\/\/www.gpec.ro\/blog\/wp-json\/wp\/v2\/users\/13"}],"replies":[{"embeddable":true,"href":"https:\/\/www.gpec.ro\/blog\/wp-json\/wp\/v2\/comments?post=5542"}],"version-history":[{"count":9,"href":"https:\/\/www.gpec.ro\/blog\/wp-json\/wp\/v2\/posts\/5542\/revisions"}],"predecessor-version":[{"id":5556,"href":"https:\/\/www.gpec.ro\/blog\/wp-json\/wp\/v2\/posts\/5542\/revisions\/5556"}],"wp:attachment":[{"href":"https:\/\/www.gpec.ro\/blog\/wp-json\/wp\/v2\/media?parent=5542"}],"wp:term":[{"taxonomy":"category","embeddable":true,"href":"https:\/\/www.gpec.ro\/blog\/wp-json\/wp\/v2\/categories?post=5542"},{"taxonomy":"post_tag","embeddable":true,"href":"https:\/\/www.gpec.ro\/blog\/wp-json\/wp\/v2\/tags?post=5542"}],"curies":[{"name":"wp","href":"https:\/\/api.w.org\/{rel}","templated":true}]}}